{"id":1729,"date":"2012-05-08T19:19:00","date_gmt":"2012-05-08T18:19:00","guid":{"rendered":"http:\/\/houpier.fr\/?p=1729"},"modified":"2020-12-03T14:55:04","modified_gmt":"2020-12-03T13:55:04","slug":"orbi","status":"publish","type":"post","link":"https:\/\/houpier.fr\/?p=1729","title":{"rendered":"ORBI fait des \u00e9mules !"},"content":{"rendered":"\n<p><strong><a href=\"http:\/\/orbi.ulg.ac.be\/homenews?id=42\">Reprise de l&rsquo;annonce faite sur le site d&rsquo;ORBI<\/a><\/strong><\/p>\n\n\n\n<p>Ce jeudi 10 mai, les autorit\u00e9s de l&rsquo;<a href=\"http:\/\/www.ulg.ac.be\/cms\/c_5000\/accueil0\" target=\"_blank\" rel=\"noopener noreferrer\">Universit\u00e9 de Li\u00e8ge<\/a>&nbsp;et de l&rsquo;<a href=\"http:\/\/wwwfr.uni.lu\/\" target=\"_blank\" rel=\"noopener noreferrer\">Universit\u00e9 du Luxembourg<\/a>&nbsp;proc\u00e8deront \u00e0 la signature d\u2019un accord de coop\u00e9ration en mati\u00e8re d\u2019Open Access.<\/p>\n\n\n\n<p>Cette collaboration vise \u00e0 la mise en place d\u2019une strat\u00e9gie et d\u2019une politique d\u2019Open Access au sein de l\u2019Universit\u00e9 du Luxembourg, s\u2019appuyant sur l\u2019expertise ULg, ainsi qu\u2019\u00e0 la mise en place d\u2019un r\u00e9pertoire institutionnel&nbsp;ORBi<sup>lu<\/sup>&nbsp;sur base du mod\u00e8le d\u00e9velopp\u00e9 \u00e0 Li\u00e8ge.<\/p>\n\n\n\n<div>Fruit du travail men\u00e9 depuis plusieurs mois sous la houlette des Directions des Biblioth\u00e8ques respectives, cet \u00e9v\u00e9nement transnational est d\u2019importance non seulement pour les deux \u00e9quipes partenaires confront\u00e9es \u00e0 un v\u00e9ritable challenge \u00e0 relever mais aussi et fondamentalement, comme contribution au d\u00e9veloppement du mouvement Open Access.La signature sera pr\u00e9c\u00e9d\u00e9e d\u2019une conf\u00e9rence portant sur l\u2019Open Access et ses avantages pour les chercheurs, avec les interventions des orateurs suivants&nbsp;:<p><\/p>\n<ul>\n<li>Dr.&nbsp;<a href=\"http:\/\/www.keyperspectives.co.uk\/aboutus\/aswan.html\" target=\"_blank\" rel=\"noopener noreferrer\">Alma Swan<\/a>&nbsp;&#8211; Director of European Advocacy (SPARC Europe)<\/li>\n<li>Prof. Dr.&nbsp;<a href=\"http:\/\/www.ulg.ac.be\/cms\/j_5871\/repertoires?uid=u010972\" target=\"_blank\" rel=\"noopener noreferrer\">Bernard Rentier<\/a>&nbsp;&#8211; Recteur, Universit\u00e9 de Li\u00e8ge<\/li>\n<li>M.&nbsp;<a href=\"http:\/\/www.ulg.ac.be\/cms\/j_5871\/repertoires?uid=u013783\" target=\"_blank\" rel=\"noopener noreferrer\">Paul Thirion<\/a>&nbsp;\u2013 Directeur du R\u00e9seau des Biblioth\u00e8ques, Universit\u00e9 de Li\u00e8ge<\/li>\n<li>Prof. Dr.&nbsp;<a href=\"http:\/\/wwwfr.uni.lu\/universite\/presentation\/organigramme\/recteur\/rolf_tarrach\/%28language%29\/fre-FR\" target=\"_blank\" rel=\"noopener noreferrer\">Rolf Tarrach<\/a>&nbsp;&#8211; Recteur, Universit\u00e9 du Luxembourg<\/li>\n<\/ul>\n<\/div>\n\n\n\n<p><span style=\"color:#333333;font-family:Verdana, Arial, sans-serif;\"><span style=\"font-size:14px;line-height:normal;\"><strong><br>\n<\/strong><\/span><\/span><\/p>\n","protected":false},"excerpt":{"rendered":"<p>Reprise de l&rsquo;annonce faite sur le site d&rsquo;ORBI Ce jeudi 10 mai, les autorit\u00e9s de l&rsquo;Universit\u00e9 de Li\u00e8ge&nbsp;et de l&rsquo;Universit\u00e9 du Luxembourg&nbsp;proc\u00e8deront \u00e0 la signature d\u2019un accord de coop\u00e9ration en mati\u00e8re d\u2019Open Access. Cette collaboration vise \u00e0 la mise en place d\u2019une strat\u00e9gie et d\u2019une politique d\u2019Open Access au sein de l\u2019Universit\u00e9 du Luxembourg, s\u2019appuyant &hellip; <\/p>\n<p class=\"link-more\"><a href=\"https:\/\/houpier.fr\/?p=1729\" class=\"more-link\">Continuer la lecture<span class=\"screen-reader-text\"> de &laquo;&nbsp;ORBI fait des \u00e9mules !&nbsp;&raquo;<\/span><\/a><\/p>\n","protected":false},"author":1,"featured_media":0,"comment_status":"open","ping_status":"open","sticky":false,"template":"","format":"standard","meta":{"footnotes":""},"categories":[19,26],"tags":[],"class_list":["post-1729","post","type-post","status-publish","format-standard","hentry","category-infodoc","category-universites"],"_links":{"self":[{"href":"https:\/\/houpier.fr\/index.php?rest_route=\/wp\/v2\/posts\/1729","targetHints":{"allow":["GET"]}}],"collection":[{"href":"https:\/\/houpier.fr\/index.php?rest_route=\/wp\/v2\/posts"}],"about":[{"href":"https:\/\/houpier.fr\/index.php?rest_route=\/wp\/v2\/types\/post"}],"author":[{"embeddable":true,"href":"https:\/\/houpier.fr\/index.php?rest_route=\/wp\/v2\/users\/1"}],"replies":[{"embeddable":true,"href":"https:\/\/houpier.fr\/index.php?rest_route=%2Fwp%2Fv2%2Fcomments&post=1729"}],"version-history":[{"count":1,"href":"https:\/\/houpier.fr\/index.php?rest_route=\/wp\/v2\/posts\/1729\/revisions"}],"predecessor-version":[{"id":4328,"href":"https:\/\/houpier.fr\/index.php?rest_route=\/wp\/v2\/posts\/1729\/revisions\/4328"}],"wp:attachment":[{"href":"https:\/\/houpier.fr\/index.php?rest_route=%2Fwp%2Fv2%2Fmedia&parent=1729"}],"wp:term":[{"taxonomy":"category","embeddable":true,"href":"https:\/\/houpier.fr\/index.php?rest_route=%2Fwp%2Fv2%2Fcategories&post=1729"},{"taxonomy":"post_tag","embeddable":true,"href":"https:\/\/houpier.fr\/index.php?rest_route=%2Fwp%2Fv2%2Ftags&post=1729"}],"curies":[{"name":"wp","href":"https:\/\/api.w.org\/{rel}","templated":true}]}}