{"id":392,"date":"2010-01-01T17:43:00","date_gmt":"2010-01-01T16:43:00","guid":{"rendered":""},"modified":"2020-12-03T14:56:37","modified_gmt":"2020-12-03T13:56:37","slug":"art-mengo","status":"publish","type":"post","link":"https:\/\/houpier.fr\/?p=392","title":{"rendered":"Art MENGO"},"content":{"rendered":"<div style=\"background-color: white; color: #222222; font-family: sans-serif; font-size: 14px; line-height: inherit; margin-bottom: 0.5em; margin-top: 0.5em;\">N\u00e9 le\u00a0<time style=\"white-space: nowrap;\" datetime=\"1961-09-16\"><a style=\"background: none; color: #0b0080; text-decoration-line: none;\" title=\"16 septembre\" href=\"https:\/\/fr.wikipedia.org\/wiki\/16_septembre\">16<\/a>\u00a0<a style=\"background: none; color: #0b0080; text-decoration-line: none;\" title=\"Septembre 1961\" href=\"https:\/\/fr.wikipedia.org\/wiki\/Septembre_1961\">septembre<\/a>\u00a0<a style=\"background: none; color: #0b0080; text-decoration-line: none;\" title=\"1961\" href=\"https:\/\/fr.wikipedia.org\/wiki\/1961\">1961<\/a><\/time><span style=\"font-size: 0.8em; line-height: 1em; padding-left: 1px; position: relative; top: -5px; unicode-bidi: isolate; vertical-align: text-top; white-space: nowrap;\"><a style=\"background: none; color: #0b0080; text-decoration-line: none;\" href=\"https:\/\/fr.wikipedia.org\/wiki\/Art_Mengo#cite_note-1\">1<\/a><\/span>\u00a0\u00e0\u00a0<a style=\"background: none; color: #0b0080; text-decoration-line: none;\" title=\"Toulouse\" href=\"https:\/\/fr.wikipedia.org\/wiki\/Toulouse\">Toulouse<\/a>\u00a0de parents r\u00e9fugi\u00e9s espagnols, Michel Armengot, un temps musicien de bar, se fait conna\u00eetre en\u00a0<a style=\"background: none; color: #0b0080; text-decoration-line: none;\" title=\"1988 en musique\" href=\"https:\/\/fr.wikipedia.org\/wiki\/1988_en_musique\">1988<\/a>\u00a0sous le pseudonyme Art Mengo avec\u00a0<i>Les parfums de sa vie (je l\u2019ai tant aim\u00e9e)<\/i>\u00a0qui sera un succ\u00e8s<span style=\"font-size: 0.8em; line-height: 1em; padding-left: 1px; position: relative; top: -5px; unicode-bidi: isolate; vertical-align: text-top; white-space: nowrap;\"><a style=\"background: none; color: #0b0080; text-decoration-line: none;\" href=\"https:\/\/fr.wikipedia.org\/wiki\/Art_Mengo#cite_note-2\">2<\/a><\/span><span style=\"font-size: 0.8em; line-height: 1em; padding-left: 0px; padding-right: 1px; position: relative; top: -5px; unicode-bidi: isolate; vertical-align: text-top; white-space: nowrap;\">,<\/span><span style=\"font-size: 0.8em; line-height: 1em; padding-left: 1px; position: relative; top: -5px; unicode-bidi: isolate; vertical-align: text-top; white-space: nowrap;\"><a style=\"background: none; color: #0b0080; text-decoration-line: none;\" href=\"https:\/\/fr.wikipedia.org\/wiki\/Art_Mengo#cite_note-3\">3<\/a><\/span>, avant un premier album en\u00a0<a style=\"background: none; color: #0b0080; text-decoration-line: none;\" title=\"1990 en musique\" href=\"https:\/\/fr.wikipedia.org\/wiki\/1990_en_musique\">1990<\/a>,\u00a0<i>Un 15 ao\u00fbt en f\u00e9vrier<\/i>.<\/div>\n<div style=\"background-color: white; color: #222222; font-family: sans-serif; font-size: 14px; line-height: inherit; margin-bottom: 0.5em; margin-top: 0.5em;\"><img loading=\"lazy\" decoding=\"async\" class=\"alignnone\" src=\"http:\/\/houpier.fr\/wp-content\/uploads\/2010\/01\/art-200x300.jpg\" alt=\"\" width=\"213\" height=\"320\" border=\"0\" \/><\/div>\n<div style=\"background-color: white; color: #222222; font-family: sans-serif; font-size: 14px; line-height: inherit; margin-bottom: 0.5em; margin-top: 0.5em;\">Avec le concours de son beau-fr\u00e8re\u00a0<a style=\"background: none; color: #0b0080; text-decoration-line: none;\" title=\"Patrice Guirao\" href=\"https:\/\/fr.wikipedia.org\/wiki\/Patrice_Guirao\">Patrice Guirao<\/a>, qui a \u00e9crit la majorit\u00e9 de ses textes, il \u00e9volue sur des tempos tour \u00e0 tour\u00a0<a style=\"background: none; color: #0b0080; text-decoration-line: none;\" title=\"Jazz\" href=\"https:\/\/fr.wikipedia.org\/wiki\/Jazz\">jazzy<\/a>,\u00a0<a style=\"background: none; color: #0b0080; text-decoration-line: none;\" title=\"Bossa nova\" href=\"https:\/\/fr.wikipedia.org\/wiki\/Bossa_nova\">bossa nova<\/a>\u00a0et\u00a0<a style=\"background: none; color: #0b0080; text-decoration-line: none;\" title=\"Blues\" href=\"https:\/\/fr.wikipedia.org\/wiki\/Blues\">blues<\/a>.<\/div>\n<div style=\"background-color: white; color: #222222; font-family: sans-serif; font-size: 14px; line-height: inherit; margin-bottom: 0.5em; margin-top: 0.5em;\">Il compose \u00e9galement pour d\u2019autres\u00a0:\u00a0<a style=\"background: none; color: #0b0080; text-decoration-line: none;\" title=\"Ute Lemper\" href=\"https:\/\/fr.wikipedia.org\/wiki\/Ute_Lemper\">Ute Lemper<\/a>\u00a0(avec qui il chantera\u00a0<i>Parler d\u2019amour<\/i>),\u00a0<a style=\"background: none; color: #0b0080; text-decoration-line: none;\" title=\"Henri Salvador\" href=\"https:\/\/fr.wikipedia.org\/wiki\/Henri_Salvador\">Henri Salvador<\/a>,\u00a0<a style=\"background: none; color: #0b0080; text-decoration-line: none;\" title=\"Philippe L\u00e9otard\" href=\"https:\/\/fr.wikipedia.org\/wiki\/Philippe_L%C3%A9otard\">Philippe L\u00e9otard<\/a>,\u00a0<a style=\"background: none; color: #0b0080; text-decoration-line: none;\" title=\"Cl\u00e9mence Lhomme\" href=\"https:\/\/fr.wikipedia.org\/wiki\/Cl%C3%A9mence_Lhomme\">Cl\u00e9mence Lhomme<\/a>,\u00a0<a style=\"background: none; color: #0b0080; text-decoration-line: none;\" title=\"Enrico Macias\" href=\"https:\/\/fr.wikipedia.org\/wiki\/Enrico_Macias\">Enrico Macias<\/a>,\u00a0<a style=\"background: none; color: #0b0080; text-decoration-line: none;\" title=\"Florent Pagny\" href=\"https:\/\/fr.wikipedia.org\/wiki\/Florent_Pagny\">Florent Pagny<\/a>,\u00a0<a style=\"background: none; color: #0b0080; text-decoration-line: none;\" title=\"Jane Birkin\" href=\"https:\/\/fr.wikipedia.org\/wiki\/Jane_Birkin\">Jane Birkin<\/a>,\u00a0<a style=\"background: none; color: #0b0080; text-decoration-line: none;\" title=\"Johnny Hallyday\" href=\"https:\/\/fr.wikipedia.org\/wiki\/Johnny_Hallyday\">Johnny Hallyday<\/a>,\u00a0<a style=\"background: none; color: #0b0080; text-decoration-line: none;\" title=\"Juliette Gr\u00e9co\" href=\"https:\/\/fr.wikipedia.org\/wiki\/Juliette_Gr%C3%A9co\">Juliette Gr\u00e9co<\/a>,\u00a0<a style=\"background: none; color: #0b0080; text-decoration-line: none;\" title=\"Viktor Lazlo\" href=\"https:\/\/fr.wikipedia.org\/wiki\/Viktor_Lazlo\">Viktor Lazlo<\/a>,\u00a0<a style=\"background: none; color: #0b0080; text-decoration-line: none;\" title=\"Clarika\" href=\"https:\/\/fr.wikipedia.org\/wiki\/Clarika\">Clarika<\/a>,\u00a0<a style=\"background: none; color: #0b0080; text-decoration-line: none;\" title=\"Liane Foly\" href=\"https:\/\/fr.wikipedia.org\/wiki\/Liane_Foly\">Liane Foly<\/a>\u00a0et\u00a0<a style=\"background: none; color: #0b0080; text-decoration-line: none;\" title=\"Maurane\" href=\"https:\/\/fr.wikipedia.org\/wiki\/Maurane\">Maurane<\/a>\u00a0notamment. Il met en musique des textes des \u00e9crivains\u00a0<a style=\"background: none; color: #0b0080; text-decoration-line: none;\" title=\"Jean Rouaud\" href=\"https:\/\/fr.wikipedia.org\/wiki\/Jean_Rouaud\">Jean Rouaud<\/a>,\u00a0<a style=\"background: none; color: #0b0080; text-decoration-line: none;\" title=\"Thierry Illouz\" href=\"https:\/\/fr.wikipedia.org\/wiki\/Thierry_Illouz\">Thierry Illouz<\/a>\u00a0et\u00a0<a style=\"background: none; color: #0b0080; text-decoration-line: none;\" title=\"Marie Nimier\" href=\"https:\/\/fr.wikipedia.org\/wiki\/Marie_Nimier\">Marie Nimier<\/a>\u00a0pour lui-m\u00eame ou pour\u00a0<a style=\"background: none; color: #0b0080; text-decoration-line: none;\" title=\"Eddy Mitchell\" href=\"https:\/\/fr.wikipedia.org\/wiki\/Eddy_Mitchell\">Eddy Mitchell<\/a>\u00a0et Juliette Gr\u00e9co. Art Mengo a \u00e9galement compos\u00e9 la musique de\u00a0<span style=\"white-space: nowrap;\">2\u00a0chansons<\/span>\u00a0du dernier album d\u2019<a style=\"background: none; color: #0b0080; text-decoration-line: none;\" title=\"Yves Duteil\" href=\"https:\/\/fr.wikipedia.org\/wiki\/Yves_Duteil\">Yves Duteil<\/a>\u00a0\u00ab\u00a0(fr)agiles\u00a0\u00bb (sorti en\u00a0<a style=\"background: none; color: #0b0080; text-decoration-line: none;\" title=\"2008 en musique\" href=\"https:\/\/fr.wikipedia.org\/wiki\/2008_en_musique\">2008<\/a>)<span style=\"font-size: 0.8em; line-height: 1em; padding-left: 1px; position: relative; top: -5px; unicode-bidi: isolate; vertical-align: text-top; white-space: nowrap;\"><a style=\"background: none; color: #0b0080; text-decoration-line: none;\" href=\"https:\/\/fr.wikipedia.org\/wiki\/Art_Mengo#cite_note-4\">4<\/a><\/span>. Il lui a compos\u00e9 la musique de la chanson\u00a0<i>La Note bleue<\/i>, une chanson en hommage \u00e0 un homme qu\u2019Art Mengo admirait \u00e9norm\u00e9ment lui aussi,\u00a0<a style=\"background: none; color: #0b0080; text-decoration-line: none;\" title=\"Claude Nougaro\" href=\"https:\/\/fr.wikipedia.org\/wiki\/Claude_Nougaro\">Claude Nougaro<\/a>, et la musique de la chanson d\u00e9di\u00e9e au petit-fils d\u2019Yves\u00a0<a style=\"background: none; color: #0b0080; text-decoration-line: none;\" title=\"Yves Duteil\" href=\"https:\/\/fr.wikipedia.org\/wiki\/Yves_Duteil\">Duteil<\/a>\u00a0<i>Si j\u2019\u00e9tais ton chemin<\/i>. En 2003 il r\u00e9sumait sur sc\u00e8ne ses\u00a0<span style=\"white-space: nowrap;\">seize\u00a0ann\u00e9es<\/span>\u00a0de carri\u00e8re musicale en disant\u00a0:\u00a0\u00ab\u00a0J\u2019ai fait deux succ\u00e8s (<i>Les parfums de sa vie<\/i>,\u00a0<i>Parler d\u2019amour<\/i>), trois succ\u00e8s d\u2019estime (<i>Gino<\/i>,\u00a0<i>Laisse-moi partir<\/i>,\u00a0<i>La mer n\u2019existe pas<\/i>) et\u2026 cinquante trois succ\u00e8s intimes\u00a0\u00bb.<\/div>\n<div style=\"background-color: white; color: #222222; font-family: sans-serif; font-size: 14px; line-height: inherit; margin-bottom: 0.5em; margin-top: 0.5em;\"><\/div>\n<div style=\"background-color: white; color: #222222; font-family: sans-serif; font-size: 14px; line-height: inherit; margin-bottom: 0.5em; margin-top: 0.5em;\"><\/div>\n<div style=\"background-color: white; color: #222222; font-family: sans-serif; font-size: 14px; line-height: inherit; margin-bottom: 0.5em; margin-top: 0.5em;\">(Salle Poirel \u00e0 Nancy en &#8230;.)<\/div>\n","protected":false},"excerpt":{"rendered":"<p>N\u00e9 le\u00a016\u00a0septembre\u00a019611\u00a0\u00e0\u00a0Toulouse\u00a0de parents r\u00e9fugi\u00e9s espagnols, Michel Armengot, un temps musicien de bar, se fait conna\u00eetre en\u00a01988\u00a0sous le pseudonyme Art Mengo avec\u00a0Les parfums de sa vie (je l\u2019ai tant aim\u00e9e)\u00a0qui sera un succ\u00e8s2,3, avant un premier album en\u00a01990,\u00a0Un 15 ao\u00fbt en f\u00e9vrier. Avec le concours de son beau-fr\u00e8re\u00a0Patrice Guirao, qui a \u00e9crit la majorit\u00e9 de ses &hellip; <\/p>\n<p class=\"link-more\"><a href=\"https:\/\/houpier.fr\/?p=392\" class=\"more-link\">Continuer la lecture<span class=\"screen-reader-text\"> de &laquo;&nbsp;Art MENGO&nbsp;&raquo;<\/span><\/a><\/p>\n","protected":false},"author":1,"featured_media":0,"comment_status":"open","ping_status":"open","sticky":false,"template":"","format":"standard","meta":{"footnotes":""},"categories":[15],"tags":[],"class_list":["post-392","post","type-post","status-publish","format-standard","hentry","category-concert-sans-billet"],"_links":{"self":[{"href":"https:\/\/houpier.fr\/index.php?rest_route=\/wp\/v2\/posts\/392","targetHints":{"allow":["GET"]}}],"collection":[{"href":"https:\/\/houpier.fr\/index.php?rest_route=\/wp\/v2\/posts"}],"about":[{"href":"https:\/\/houpier.fr\/index.php?rest_route=\/wp\/v2\/types\/post"}],"author":[{"embeddable":true,"href":"https:\/\/houpier.fr\/index.php?rest_route=\/wp\/v2\/users\/1"}],"replies":[{"embeddable":true,"href":"https:\/\/houpier.fr\/index.php?rest_route=%2Fwp%2Fv2%2Fcomments&post=392"}],"version-history":[{"count":4,"href":"https:\/\/houpier.fr\/index.php?rest_route=\/wp\/v2\/posts\/392\/revisions"}],"predecessor-version":[{"id":3742,"href":"https:\/\/houpier.fr\/index.php?rest_route=\/wp\/v2\/posts\/392\/revisions\/3742"}],"wp:attachment":[{"href":"https:\/\/houpier.fr\/index.php?rest_route=%2Fwp%2Fv2%2Fmedia&parent=392"}],"wp:term":[{"taxonomy":"category","embeddable":true,"href":"https:\/\/houpier.fr\/index.php?rest_route=%2Fwp%2Fv2%2Fcategories&post=392"},{"taxonomy":"post_tag","embeddable":true,"href":"https:\/\/houpier.fr\/index.php?rest_route=%2Fwp%2Fv2%2Ftags&post=392"}],"curies":[{"name":"wp","href":"https:\/\/api.w.org\/{rel}","templated":true}]}}