{"id":399,"date":"2004-10-08T13:41:00","date_gmt":"2004-10-08T11:41:00","guid":{"rendered":"http:\/\/houpier.fr\/?p=399"},"modified":"2020-12-03T14:59:55","modified_gmt":"2020-12-03T13:59:55","slug":"luke","status":"publish","type":"post","link":"https:\/\/houpier.fr\/?p=399","title":{"rendered":"LUKE"},"content":{"rendered":"<div style=\"background-color: white; color: #252525; font-family: sans-serif; font-size: 14px; line-height: inherit; margin-bottom: 0.5em; margin-top: 0.5em;\">Ce groupe\u00a0<a style=\"background: none; color: #0b0080; text-decoration: none;\" title=\"Bordeaux\" href=\"https:\/\/fr.wikipedia.org\/wiki\/Bordeaux\">bordelais<\/a>\u00a0se forme apr\u00e8s la derni\u00e8re tourn\u00e9e du groupe Spring o\u00f9\u00a0<a style=\"background: none; color: #a55858; text-decoration: none;\" title=\"Christophe Plantier (page inexistante)\" href=\"https:\/\/fr.wikipedia.org\/w\/index.php?title=Christophe_Plantier&amp;action=edit&amp;redlink=1\">Christophe Plantier<\/a>\u00a0(guitare) officiait et o\u00f9\u00a0<a style=\"background: none; color: #0b0080; text-decoration: none;\" title=\"Thomas Boulard\" href=\"https:\/\/fr.wikipedia.org\/wiki\/Thomas_Boulard\">Thomas Boulard<\/a>, Bordelais d&rsquo;origine, venait d&rsquo;entrer. Le duo est ensuite rejoint par\u00a0<a style=\"background: none; color: #a55858; text-decoration: none;\" title=\"Ludovic Morillon (page inexistante)\" href=\"https:\/\/fr.wikipedia.org\/w\/index.php?title=Ludovic_Morillon&amp;action=edit&amp;redlink=1\">Ludovic Morillon<\/a>\u00a0(batterie),\u00a0<a style=\"background: none; color: #a55858; text-decoration: none;\" title=\"St\u00e9phane Bouvier (page inexistante)\" href=\"https:\/\/fr.wikipedia.org\/w\/index.php?title=St%C3%A9phane_Bouvier&amp;action=edit&amp;redlink=1\">St\u00e9phane Bouvier<\/a>\u00a0(basse, ex\u00a0<a style=\"background: none; color: #0b0080; text-decoration: none;\" title=\"Purr\" href=\"https:\/\/fr.wikipedia.org\/wiki\/Purr\">Purr<\/a><span style=\"font-size: 0.8em; line-height: 1em; padding-left: 1px; position: relative; top: -5px; unicode-bidi: isolate; vertical-align: text-top; white-space: nowrap;\"><a style=\"background: none; color: #0b0080; text-decoration: none;\" href=\"https:\/\/fr.wikipedia.org\/wiki\/Luke_(groupe)#cite_note-1\">1<\/a><\/span>) et\u00a0<a style=\"background: none; color: #a55858; text-decoration: none;\" title=\"Cyril Guillaneuf (page inexistante)\" href=\"https:\/\/fr.wikipedia.org\/w\/index.php?title=Cyril_Guillaneuf&amp;action=edit&amp;redlink=1\">Cyril Guillaneuf<\/a>\u00a0(claviers).<\/div>\n<div style=\"background-color: white; color: #252525; font-family: sans-serif; font-size: 14px; line-height: inherit; margin-bottom: 0.5em; margin-top: 0.5em;\">Luke envoie de nombreuses d\u00e9mos et un 7 titres auto produit de\u00a0<a style=\"background: none; color: #0b0080; text-decoration: none;\" title=\"1999\" href=\"https:\/\/fr.wikipedia.org\/wiki\/1999\">1999<\/a>, avant d&rsquo;\u00eatre rep\u00e9r\u00e9 par le label\u00a0<a style=\"background: none; color: #0b0080; text-decoration: none;\" title=\"Village Vert\" href=\"https:\/\/fr.wikipedia.org\/wiki\/Village_Vert\">Village Vert<\/a>, dans les locaux duquel Thomas Boulard avait ses habitudes bien avant de signer. Ils sortent en\u00a0<a style=\"background: none; color: #0b0080; text-decoration: none;\" title=\"2000\" href=\"https:\/\/fr.wikipedia.org\/wiki\/2000\">2000<\/a>\u00a0un premier maxi de 4 titres,\u00a0<i>Je n&rsquo;\u00e9claire que moi<\/i>.<\/div>\n<div style=\"background-color: white; color: #252525; font-family: sans-serif; font-size: 14px; line-height: inherit; margin-bottom: 0.5em; margin-top: 0.5em;\">C&rsquo;est alors qu&rsquo;ils pr\u00e9parent leur premier album intitul\u00e9\u00a0<i>La Vie presque<\/i>, m\u00e9lange de\u00a0<a style=\"background: none; color: #0b0080; text-decoration: none;\" title=\"Rock fran\u00e7ais\" href=\"https:\/\/fr.wikipedia.org\/wiki\/Rock_fran%C3%A7ais\">rock fran\u00e7ais<\/a>\u00a0et de\u00a0<a style=\"background: none; color: #0b0080; text-decoration: none;\" title=\"Pop (musique)\" href=\"https:\/\/fr.wikipedia.org\/wiki\/Pop_(musique)\">pop<\/a>\u00a0anglaise. L&rsquo;album sort en\u00a0<a style=\"background: none; color: #0b0080; text-decoration: none;\" title=\"Octobre 2001\" href=\"https:\/\/fr.wikipedia.org\/wiki\/Octobre_2001\">octobre 2001<\/a>\u00a0et se caract\u00e9rise par une utilisation intensive du parl\u00e9\/chant\u00e9 par Thomas Boulard. Luke part sur les routes&#8230;<\/div>\n<div style=\"background-color: white; color: #252525; font-family: sans-serif; font-size: 14px; line-height: inherit; margin-bottom: 0.5em; margin-top: 0.5em;\">Fin\u00a0<a style=\"background: none; color: #0b0080; text-decoration: none;\" title=\"2003\" href=\"https:\/\/fr.wikipedia.org\/wiki\/2003\">2003<\/a>, le groupe enregistre en studio et \u00e0\u00a0<a style=\"background: none; color: #0b0080; text-decoration: none;\" title=\"Grand Piquey\" href=\"https:\/\/fr.wikipedia.org\/wiki\/Grand_Piquey\">Grand Piquey<\/a>\u00a0son second opus,\u00a0<i>La T\u00eate en arri\u00e8re<\/i>, dont est extrait leur premier single,\u00a0<i>La Sentinelle<\/i>, suivi plus tard par\u00a0<i>Soledad<\/i>,\u00a0<i>Le Reste Du Monde<\/i>\u00a0et\u00a0<i>Hasta Siempre<\/i>. Luke conna\u00eet enfin le succ\u00e8s, son album se classe\u00a0<abbr style=\"border-bottom: 0px; color: inherit; cursor: help;\" title=\"Quatorzi\u00e8me\">14<sup style=\"line-height: 1em;\">e<\/sup><\/abbr>\u00a0et reste 81 semaines dans les charts fran\u00e7ais. Entre temps, le groupe a \u00e9volu\u00e9 pour cause de diff\u00e9rends. Il ne reste de la formation originale que Thomas Boulard et Cyril Guillaneuf, rejoints par Damien Lef\u00e8vre (du groupe\u00a0<a style=\"background: none; color: #0b0080; text-decoration: none;\" title=\"Eiffel (groupe)\" href=\"https:\/\/fr.wikipedia.org\/wiki\/Eiffel_(groupe)\">Eiffel<\/a>) \u00e0 la basse et\u00a0<a style=\"background: none; color: #a55858; text-decoration: none;\" title=\"Romain Viallon (page inexistante)\" href=\"https:\/\/fr.wikipedia.org\/w\/index.php?title=Romain_Viallon&amp;action=edit&amp;redlink=1\">Romain Viallon<\/a>\u00a0(<a style=\"background: none; color: #a55858; text-decoration: none;\" title=\"Catleya (groupe) (page inexistante)\" href=\"https:\/\/fr.wikipedia.org\/w\/index.php?title=Catleya_(groupe)&amp;action=edit&amp;redlink=1\">Catl\u00e9ya<\/a>) \u00e0 la batterie. L&rsquo;album sort en\u00a0<a style=\"background: none; color: #0b0080; text-decoration: none;\" title=\"Avril 2004\" href=\"https:\/\/fr.wikipedia.org\/wiki\/Avril_2004\">avril 2004<\/a>.<\/div>\n<div style=\"clear: both; text-align: center;\"><img loading=\"lazy\" decoding=\"async\" class=\"alignnone size-medium wp-image-3618\" src=\"https:\/\/houpier.fr\/wp-content\/uploads\/2004\/10\/luke-ip_4-300x169.jpg\" alt=\"\" width=\"300\" height=\"169\" srcset=\"https:\/\/houpier.fr\/wp-content\/uploads\/2004\/10\/luke-ip_4-300x169.jpg 300w, https:\/\/houpier.fr\/wp-content\/uploads\/2004\/10\/luke-ip_4-768x432.jpg 768w, https:\/\/houpier.fr\/wp-content\/uploads\/2004\/10\/luke-ip_4-700x393.jpg 700w, https:\/\/houpier.fr\/wp-content\/uploads\/2004\/10\/luke-ip_4-712x400.jpg 712w, https:\/\/houpier.fr\/wp-content\/uploads\/2004\/10\/luke-ip_4.jpg 982w\" sizes=\"auto, (max-width: 300px) 100vw, 300px\" \/><\/div>\n<div style=\"background-color: white; color: #252525; font-family: sans-serif; font-size: 14px; line-height: inherit; margin-bottom: 0.5em; margin-top: 0.5em;\">Luke part sur les routes jusqu&rsquo;\u00e0 fin\u00a0<a style=\"background: none; color: #0b0080; text-decoration: none;\" title=\"2004\" href=\"https:\/\/fr.wikipedia.org\/wiki\/2004\">2004<\/a>\u00a0et prend \u00e0 son bord\u00a0<a style=\"background: none; color: #a55858; text-decoration: none;\" title=\"Bayrem Benamor (page inexistante)\" href=\"https:\/\/fr.wikipedia.org\/w\/index.php?title=Bayrem_Benamor&amp;action=edit&amp;redlink=1\">Bayrem Benamor<\/a>\u00a0\u00e0 la guitare, recrut\u00e9 par Internet, tandis que Cyril Guillaneuf quitte l&rsquo;aventure.<\/div>\n<div style=\"background-color: white; color: #252525; font-family: sans-serif; font-size: 14px; line-height: inherit; margin-bottom: 0.5em; margin-top: 0.5em;\">En\u00a0<a style=\"background: none; color: #0b0080; text-decoration: none;\" title=\"2005\" href=\"https:\/\/fr.wikipedia.org\/wiki\/2005\">2005<\/a>, Luke repart en tourn\u00e9e apr\u00e8s une courte pause et change une nouvelle fois de guitariste avec Jean-Pierre Ensuque (du groupe\u00a0<a style=\"background: none; color: #0b0080; text-decoration: none;\" title=\"Autour de Lucie\" href=\"https:\/\/fr.wikipedia.org\/wiki\/Autour_de_Lucie\">Autour de Lucie<\/a>). \u00c0 la mi-octobre, le groupe entame une s\u00e9rie de dates dans toute la France avec le trio\u00a0<a style=\"background: none; color: #0b0080; text-decoration: none;\" title=\"D\u00e9portivo (groupe)\" href=\"https:\/\/fr.wikipedia.org\/wiki\/D%C3%A9portivo_(groupe)\">D\u00e9portivo<\/a>.<\/div>\n<div style=\"background-color: white; color: #252525; font-family: sans-serif; font-size: 14px; line-height: inherit; margin-bottom: 0.5em; margin-top: 0.5em;\">Apr\u00e8s une ann\u00e9e de repos, le groupe sort un nouvel album intitul\u00e9\u00a0<i><a style=\"background: none; color: #0b0080; text-decoration: none;\" title=\"Les Enfants de Saturne\" href=\"https:\/\/fr.wikipedia.org\/wiki\/Les_Enfants_de_Saturne\">Les Enfants de Saturne<\/a><\/i>\u00a0le\u00a0<time style=\"white-space: nowrap;\" datetime=\"2007-09-10\"><a style=\"background: none; color: #0b0080; text-decoration: none;\" title=\"10 septembre\" href=\"https:\/\/fr.wikipedia.org\/wiki\/10_septembre\">10<\/a>\u00a0<a style=\"background: none; color: #0b0080; text-decoration: none;\" title=\"Septembre 2007\" href=\"https:\/\/fr.wikipedia.org\/wiki\/Septembre_2007\">septembre<\/a>\u00a0<a style=\"background: none; color: #0b0080; text-decoration: none;\" title=\"2007\" href=\"https:\/\/fr.wikipedia.org\/wiki\/2007\">2007<\/a><\/time>\u00a0qui se classe\u00a0<abbr style=\"border-bottom: 0px; color: inherit; cursor: help;\" title=\"Huiti\u00e8me\">8<sup style=\"line-height: 1em;\">e<\/sup><\/abbr>\u00a0en France et commence une nouvelle tourn\u00e9e en juin 2007. Le nouveau single sort en juin 2007 et s&rsquo;appelle\u00a0<i>La terre ferme<\/i>. Suivra plus tard le single\u00a0<i>Stella<\/i>.<\/div>\n<div style=\"background-color: white; color: #252525; font-family: sans-serif; font-size: 14px; line-height: inherit; margin-bottom: 0.5em; margin-top: 0.5em;\">Le 17 novembre 2008, le groupe met en rayon un album live intitul\u00e9\u00a0<i><a style=\"background: none; color: #0b0080; text-decoration: none;\" title=\"O\u00f9 en est la Nuit\" href=\"https:\/\/fr.wikipedia.org\/wiki\/O%C3%B9_en_est_la_Nuit\">O\u00f9 en est la Nuit<\/a><\/i>, r\u00e9sultat d&rsquo;une ann\u00e9e de tourn\u00e9e et dont le premier single est une version live de\u00a0<i>Un seul jour<\/i>. L&rsquo;album comporte une \u00e9dition sp\u00e9ciale avec un DVD bonus.<\/div>\n<div style=\"background-color: white; color: #252525; font-family: sans-serif; font-size: 14px; line-height: inherit; margin-bottom: 0.5em; margin-top: 0.5em;\">En f\u00e9vrier 2010 le groupe sort un nouvel album nomm\u00e9\u00a0<i><a style=\"background: none; color: #0b0080; text-decoration: none;\" title=\"D'autre part\" href=\"https:\/\/fr.wikipedia.org\/wiki\/D%27autre_part\">D&rsquo;autre part<\/a><\/i>\u00a0dont le premier single s&rsquo;intitule\u00a0<i>Pense \u00e0 Moi<\/i>\u00a0et est disponible en t\u00e9l\u00e9chargement sur le site officiel du groupe. Cet album se classe\u00a0<abbr style=\"border-bottom: 0px; color: inherit; cursor: help;\" title=\"Quinzi\u00e8me\">15<sup style=\"line-height: 1em;\">e<\/sup><\/abbr>. Le design de la pochette de cet album est r\u00e9alis\u00e9 par Yann Nguema, bassiste et graphiste du groupe\u00a0<a style=\"background: none; color: #0b0080; text-decoration: none;\" title=\"EZ3kiel\" href=\"https:\/\/fr.wikipedia.org\/wiki\/EZ3kiel\">EZ3kiel<\/a>.<\/div>\n<div style=\"background-color: white; color: #252525; font-family: sans-serif; font-size: 14px; line-height: inherit; margin-bottom: 0.5em; margin-top: 0.5em;\">Fin 2014, ils annoncent l&rsquo;arriv\u00e9e de leur\u00a0<a style=\"background: none; color: #0b0080; text-decoration: none;\" title=\"Pornographie (album)\" href=\"https:\/\/fr.wikipedia.org\/wiki\/Pornographie_(album)\">cinqui\u00e8me album<\/a>. En juillet 2015 est annonc\u00e9e la sortie pour le 9 octobre 2015 avec un extrait de studio sur la page Facebook du groupe ainsi qu&rsquo;une tourn\u00e9e \u00e0 partir d&rsquo;aout. Le 20 juillet le titre de l&rsquo;album\u00a0<i>Pornographie<\/i>\u00a0est annonc\u00e9 et le 24 juillet sort le premier extrait\u00a0<i>C&rsquo;est la guerre<\/i>. Une semaine avant le sortie du cinqui\u00e8me album, le groupe sort le deuxi\u00e8me single,\u00a0<i>Warrior<\/i>. Cet album est marqu\u00e9 en premier lieu par le renouvellement entier des membres du groupe, except\u00e9 de Thomas Boulard, mais aussi par des paroles plus crues que d&rsquo;habitude pour le groupe. C&rsquo;est un album tr\u00e8s sombre, reflet de l&rsquo;\u00e9poque dans laquelle il est r\u00e9alis\u00e9 (Thomas Boulard critique la t\u00e9l\u00e9-r\u00e9alit\u00e9, les m\u00e9dias, les discoth\u00e8ques,&#8230;). D&rsquo;ailleurs, dans un style tr\u00e8s particulier, beaucoup moins direct que celui d&rsquo;autres auteurs, il d\u00e9nonce l&rsquo;extr\u00eame droite fran\u00e7aise dans certains de ses titres.<\/div>\n<div style=\"background-color: white; color: #252525; font-family: sans-serif; font-size: 14px; line-height: inherit; margin-bottom: 0.5em; margin-top: 0.5em;\">La sortie de cet album est suivie par une tourn\u00e9e appel\u00e9e Pornotour, qui va durer jusqu&rsquo;\u00e0 fin 2016.<\/div>\n<div style=\"background-color: white; color: #252525; font-family: sans-serif; font-size: 14px; line-height: inherit; margin-bottom: 0.5em; margin-top: 0.5em;\"><\/div>\n<div style=\"background-color: white; color: #252525; font-family: sans-serif; font-size: 14px; line-height: inherit; margin-bottom: 0.5em; margin-top: 0.5em;\">(Vu au Terminal Export \u00e0 Nancy en 2004)<\/div>\n","protected":false},"excerpt":{"rendered":"<p>Ce groupe\u00a0bordelais\u00a0se forme apr\u00e8s la derni\u00e8re tourn\u00e9e du groupe Spring o\u00f9\u00a0Christophe Plantier\u00a0(guitare) officiait et o\u00f9\u00a0Thomas Boulard, Bordelais d&rsquo;origine, venait d&rsquo;entrer. Le duo est ensuite rejoint par\u00a0Ludovic Morillon\u00a0(batterie),\u00a0St\u00e9phane Bouvier\u00a0(basse, ex\u00a0Purr1) et\u00a0Cyril Guillaneuf\u00a0(claviers). Luke envoie de nombreuses d\u00e9mos et un 7 titres auto produit de\u00a01999, avant d&rsquo;\u00eatre rep\u00e9r\u00e9 par le label\u00a0Village Vert, dans les locaux duquel Thomas &hellip; <\/p>\n<p class=\"link-more\"><a href=\"https:\/\/houpier.fr\/?p=399\" class=\"more-link\">Continuer la lecture<span class=\"screen-reader-text\"> de &laquo;&nbsp;LUKE&nbsp;&raquo;<\/span><\/a><\/p>\n","protected":false},"author":1,"featured_media":0,"comment_status":"open","ping_status":"open","sticky":false,"template":"","format":"standard","meta":{"footnotes":""},"categories":[15],"tags":[],"class_list":["post-399","post","type-post","status-publish","format-standard","hentry","category-concert-sans-billet"],"_links":{"self":[{"href":"https:\/\/houpier.fr\/index.php?rest_route=\/wp\/v2\/posts\/399","targetHints":{"allow":["GET"]}}],"collection":[{"href":"https:\/\/houpier.fr\/index.php?rest_route=\/wp\/v2\/posts"}],"about":[{"href":"https:\/\/houpier.fr\/index.php?rest_route=\/wp\/v2\/types\/post"}],"author":[{"embeddable":true,"href":"https:\/\/houpier.fr\/index.php?rest_route=\/wp\/v2\/users\/1"}],"replies":[{"embeddable":true,"href":"https:\/\/houpier.fr\/index.php?rest_route=%2Fwp%2Fv2%2Fcomments&post=399"}],"version-history":[{"count":1,"href":"https:\/\/houpier.fr\/index.php?rest_route=\/wp\/v2\/posts\/399\/revisions"}],"predecessor-version":[{"id":3619,"href":"https:\/\/houpier.fr\/index.php?rest_route=\/wp\/v2\/posts\/399\/revisions\/3619"}],"wp:attachment":[{"href":"https:\/\/houpier.fr\/index.php?rest_route=%2Fwp%2Fv2%2Fmedia&parent=399"}],"wp:term":[{"taxonomy":"category","embeddable":true,"href":"https:\/\/houpier.fr\/index.php?rest_route=%2Fwp%2Fv2%2Fcategories&post=399"},{"taxonomy":"post_tag","embeddable":true,"href":"https:\/\/houpier.fr\/index.php?rest_route=%2Fwp%2Fv2%2Ftags&post=399"}],"curies":[{"name":"wp","href":"https:\/\/api.w.org\/{rel}","templated":true}]}}