{"id":414,"date":"1981-01-01T13:44:00","date_gmt":"1981-01-01T12:44:00","guid":{"rendered":"http:\/\/houpier.fr\/?p=414"},"modified":"2020-12-03T15:00:04","modified_gmt":"2020-12-03T14:00:04","slug":"charlelie-couture","status":"publish","type":"post","link":"https:\/\/houpier.fr\/?p=414","title":{"rendered":"Charl\u00e9lie COUTURE"},"content":{"rendered":"<div style=\"background-color: white; color: #252525; font-family: sans-serif; font-size: 14px; line-height: inherit; margin-bottom: 0.5em; margin-top: 0.5em;\">Charl\u00e9lie Couture na\u00eet \u00e0 Nancy le\u00a0<a style=\"background: none; color: #0b0080; text-decoration: none;\" title=\"26\" href=\"https:\/\/fr.wikipedia.org\/wiki\/26\">26<\/a>\u00a0<a style=\"background: none; color: #0b0080; text-decoration: none;\" title=\"F\u00e9vrier 1956\" href=\"https:\/\/fr.wikipedia.org\/wiki\/F%C3%A9vrier_1956\">f\u00e9vrier 1956<\/a>. Son p\u00e8re Jean-Pierre Couture est un professeur des Beaux-arts reconverti en antiquaire et d\u00e9corateur<span style=\"font-size: 0.8em; line-height: 1em; padding-left: 1px; position: relative; top: -5px; unicode-bidi: isolate; vertical-align: text-top; white-space: nowrap;\"><a style=\"background: none; color: #0b0080; text-decoration: none;\" href=\"https:\/\/fr.wikipedia.org\/wiki\/Charl%C3%A9lie_Couture#cite_note-3\">3<\/a><\/span>. Sa m\u00e8re Odette Michel enseigne le fran\u00e7ais aux\u00a0<a style=\"background: none; color: #0b0080; text-decoration: none;\" title=\"\u00c9tats-Unis\" href=\"https:\/\/fr.wikipedia.org\/wiki\/%C3%89tats-Unis\">\u00c9tats-Unis<\/a>, \u00e0\u00a0<a style=\"background: none; color: #0b0080; text-decoration: none;\" title=\"Jacksonville (Alabama)\" href=\"https:\/\/fr.wikipedia.org\/wiki\/Jacksonville_(Alabama)\">Jacksonville (Alabama)<\/a>, puis \u00e0\u00a0<a style=\"background: none; color: #0b0080; text-decoration: none;\" title=\"Kenosha (Wisconsin)\" href=\"https:\/\/fr.wikipedia.org\/wiki\/Kenosha_(Wisconsin)\">Kenosha (Wisconsin)<\/a>, avant de rejoindre la boutique d&rsquo;antiquit\u00e9s familiale. Outre son fr\u00e8re\u00a0<a style=\"background: none; color: #0b0080; text-decoration: none;\" title=\"Tom Novembre\" href=\"https:\/\/fr.wikipedia.org\/wiki\/Tom_Novembre\">Tom Novembre<\/a>\u00a0&#8211; n\u00e9 Jean Thomas Couture &#8211; il a \u00e9galement une s\u0153ur, Sophie<span style=\"font-size: 0.8em; line-height: 1em; padding-left: 1px; position: relative; top: -5px; unicode-bidi: isolate; vertical-align: text-top; white-space: nowrap;\"><a style=\"background: none; color: #0b0080; text-decoration: none;\" href=\"https:\/\/fr.wikipedia.org\/wiki\/Charl%C3%A9lie_Couture#cite_note-famille-4\">4<\/a><\/span>. Sa grand-m\u00e8re professeur de\u00a0<a style=\"background: none; color: #0b0080; text-decoration: none;\" title=\"Piano\" href=\"https:\/\/fr.wikipedia.org\/wiki\/Piano\">piano<\/a>\u00a0l&rsquo;initie d\u00e8s l&rsquo;\u00e2ge de 6 ans \u00e0 cet instrument \u00e0 raison de 30 minutes par jour, et lui fait d\u00e9couvrir la musique classique.<\/div>\n<div style=\"background-color: white; color: #252525; font-family: sans-serif; font-size: 14px; line-height: inherit; margin-bottom: 0.5em; margin-top: 0.5em;\"><span style=\"border-bottom: 1px solid #aaaaaa; cursor: help;\" title=\"Ce passage n\u00e9cessite une r\u00e9f\u00e9rence.\">Depuis plus de vingt-cinq ans, Charl\u00c9lie poursuit une d\u00e9marche vers ce qu&rsquo;il d\u00e9finit comme \u00ab\u00a0l&rsquo;Art Total\u00a0\u00bb, attitude globale consistant \u00e0 trouver des interconnexions entre les formes d&rsquo;expressions de l&rsquo;Homme que sont l&rsquo;\u00c9criture, l&rsquo;Image et la Musique. \u00ab\u00a0J&rsquo;ai commenc\u00e9 quand j&rsquo;avais 15 ans. En France, j&rsquo;ai fait 80 expos. \u00c0 12 ans, dans une exposition de peintres dada\u00efstes que je visitais avec mon p\u00e8re \u00e0 Nancy, j&rsquo;ai eu comme le sentiment \u00e9bloui que c&rsquo;\u00e9tait \u00e7a qu&rsquo;il fallait que je fasse.\u00a0\u00bb<\/span><\/div>\n<div style=\"background-color: white; color: #252525; font-family: sans-serif; font-size: 14px; line-height: inherit; margin-bottom: 0.5em; margin-top: 0.5em;\">En 1978, pour sa th\u00e8se de fin d&rsquo;\u00e9tudes, il choisit le th\u00e8me de \u00ab\u00a0la polymorphie de l\u2019esprit\u00a0\u00bb qu&rsquo;il explore encore aujourd\u2019hui. \u00c0 cette occasion, il pr\u00e9sente des photos, des textes et des peintures et il auto-produit deux premiers disques,\u00a0<i>12 chansons dans la sciure<\/i>\u00a0et\u00a0<i>Le P\u00eacheur<\/i>, qui attirent l&rsquo;attention des professionnels. Dipl\u00f4m\u00e9 de l\u2019<a style=\"background: none; color: #0b0080; text-decoration: none;\" title=\"\u00c9cole nationale sup\u00e9rieure d'art de Nancy\" href=\"https:\/\/fr.wikipedia.org\/wiki\/%C3%89cole_nationale_sup%C3%A9rieure_d%27art_de_Nancy\">\u00c9cole Nationale Sup\u00e9rieure des Beaux Arts<\/a>, Charl\u00c9lie s&rsquo;inscrit dans le courant\u00a0<i>multiste<\/i>\u00a0des artistes pluridisciplinaires dont il est une des r\u00e9f\u00e9rences notoires.<\/div>\n<div style=\"background-color: white; color: #252525; font-family: sans-serif; font-size: 14px; line-height: inherit; margin-bottom: 0.5em; margin-top: 0.5em;\">\n<div style=\"clear: both; text-align: center;\"><img loading=\"lazy\" decoding=\"async\" class=\"alignnone size-medium wp-image-3733\" src=\"https:\/\/houpier.fr\/wp-content\/uploads\/1981\/01\/Charlelie_Couture_m-300x200.jpg\" alt=\"\" width=\"300\" height=\"200\" srcset=\"https:\/\/houpier.fr\/wp-content\/uploads\/1981\/01\/Charlelie_Couture_m-300x200.jpg 300w, https:\/\/houpier.fr\/wp-content\/uploads\/1981\/01\/Charlelie_Couture_m.jpg 320w\" sizes=\"auto, (max-width: 300px) 100vw, 300px\" \/><\/div>\n<\/div>\n<div style=\"background-color: white; color: #252525; font-family: sans-serif; font-size: 14px; line-height: inherit; margin-bottom: 0.5em; margin-top: 0.5em;\">En 1981, il est le premier artiste fran\u00e7ais sign\u00e9 par\u00a0<a style=\"background: none; color: #0b0080; text-decoration: none;\" title=\"Chris Blackwell\" href=\"https:\/\/fr.wikipedia.org\/wiki\/Chris_Blackwell\">Chris Blackwell<\/a>\u00a0sur le label anglo-am\u00e9ricain\u00a0<a style=\"background: none; color: #0b0080; text-decoration: none;\" title=\"Island Records\" href=\"https:\/\/fr.wikipedia.org\/wiki\/Island_Records\">Island Records<\/a>. Neuf mois plus tard, le succ\u00e8s est au rendez-vous avec l&rsquo;album\u00a0<i><a style=\"background: none; color: #0b0080; text-decoration: none;\" title=\"Po\u00e8mes rock\" href=\"https:\/\/fr.wikipedia.org\/wiki\/Po%C3%A8mes_rock\">Po\u00e8mes rock<\/a><\/i>\u00a0enregistr\u00e9 \u00e0 New York. La m\u00eame ann\u00e9e, il fonde \u00e0 Nancy le groupe\u00a0<i>Local \u00e0 Louer<\/i>, associant photographes, peintres et po\u00e8tes et publie \u00e0 cette occasion le\u00a0<i>Manifeste de l&rsquo;Art rock<\/i>\u00a0o\u00f9 il \u00e9crit\u00a0: \u00ab\u00a0l&rsquo;Art doit faire la jonction entre le fonctionnalisme de la soci\u00e9t\u00e9 industrielle et les aspirations de la culture pop\u00a0!\u00a0\u00bb<\/div>\n<div style=\"background-color: white; color: #252525; font-family: sans-serif; font-size: 14px; line-height: inherit; margin-bottom: 0.5em; margin-top: 0.5em;\">Int\u00e9ress\u00e9 par les nouvelles possibilit\u00e9s d&rsquo;expression et de communication qu&rsquo;offre le r\u00e9seau Internet, Charl\u00c9lie fait partie des mille premiers adeptes qu&rsquo;on a appel\u00e9s les\u00a0<i>pionniers du Web<\/i>. En 1996, il cr\u00e9e\u00a0<i>Les champs paraboliques<\/i>, son site qu&rsquo;il fait r\u00e9guli\u00e8rement \u00e9voluer, en utilisant ce nouvel espace de cr\u00e9ation num\u00e9rique.<\/div>\n<div style=\"background-color: white; color: #252525; font-family: sans-serif; font-size: 14px; line-height: inherit; margin-bottom: 0.5em; margin-top: 0.5em;\">En 2003, il est invit\u00e9 \u00e0 participer en tant qu&rsquo;artiste plasticien \u00e0 un concours pour l&rsquo;am\u00e9nagement de la\u00a0<a style=\"background: none; color: #0b0080; text-decoration: none;\" title=\"Direction r\u00e9gionale des affaires culturelles\" href=\"https:\/\/fr.wikipedia.org\/wiki\/Direction_r%C3%A9gionale_des_affaires_culturelles\">DRAC<\/a>\u00a0d&rsquo;<a style=\"background: none; color: #0b0080; text-decoration: none;\" title=\"Amiens\" href=\"https:\/\/fr.wikipedia.org\/wiki\/Amiens\">Amiens<\/a>\u00a0(Somme). Son dossier franchit les \u00e9tapes de s\u00e9lection, jusqu&rsquo;\u00e0 ce qu&rsquo;il fasse partie des trois finalistes soumis au jury. Les projets \u00e9taient anonymes. Mais une fois que le jury d\u00e9couvrit qu\u2019il s\u2019agissait de Charl\u00c9lie, son statut de chanteur lui a \u00e9t\u00e9 reproch\u00e9 et, \u00e0 aucun moment, le jury n&rsquo;a examin\u00e9 son projet. \u00ab\u00a0C&rsquo;\u00e9tait la n\u00e9gation de tout ce que j&rsquo;avais tent\u00e9 depuis toujours\u00a0\u00bb. Cet \u00e9v\u00e9nement le pousse \u00e0 partir s&rsquo;installer \u00e0 New York avec sa femme Annie et ses deux enfants Shaan et Yam\u00e9e<span style=\"font-size: 0.8em; line-height: 1em; padding-left: 1px; position: relative; top: -5px; unicode-bidi: isolate; vertical-align: text-top; white-space: nowrap;\"><a style=\"background: none; color: #0b0080; text-decoration: none;\" href=\"https:\/\/fr.wikipedia.org\/wiki\/Charl%C3%A9lie_Couture#cite_note-famille-4\">4<\/a><\/span>. Charl\u00c9lie peut d\u00e9velopper l\u00e0-bas avec libert\u00e9 sa peinture et son art, qu&rsquo;il consid\u00e8re dans son pays d&rsquo;origine comme trop d\u00e9finis par l&rsquo;influence de sa \u00ab\u00a0notori\u00e9t\u00e9 musicienne\u00a0\u00bb.<\/div>\n<div style=\"background-color: white; color: #252525; font-family: sans-serif; font-size: 14px; line-height: inherit; margin-bottom: 0.5em; margin-top: 0.5em;\">Depuis 2004, il est donc en exil volontaire, parti pour rena\u00eetre et continuer de pratiquer l\u2019art \u00ab\u00a0comme une religion\u00a0\u00bb dans cette ville \u00ab\u00a0comme Babel\u00a0\u00bb, entra\u00een\u00e9 dans un mouvement perp\u00e9tuel. Hyper productif, en phase avec le monde, il dessine, peint, photographie, r\u00e9cup\u00e8re, transforme ce qui l\u2019entoure.<\/div>\n<div style=\"background-color: white; color: #252525; font-family: sans-serif; font-size: 14px; line-height: inherit; margin-bottom: 0.5em; margin-top: 0.5em;\">Aujourd\u2019hui dans la m\u00eame logique il dit\u00a0: \u00ab\u00a0Je suis parti pour me reconstruire, me r\u00e9inventer\u00a0\u00bb.<\/div>\n<div><\/div>\n<div>(Vu 2 fois en concert \u00e0 Nancy dans les ann\u00e9es 80)<\/div>\n<div><\/div>\n<div>Je poss\u00e8de son tout tout premier album&#8230;<\/p>\n<\/div>\n<div>\n<div style=\"clear: both; text-align: center;\"><img loading=\"lazy\" decoding=\"async\" class=\"alignnone size-medium wp-image-3731\" src=\"https:\/\/houpier.fr\/wp-content\/uploads\/1981\/01\/couture-300x300.jpg\" alt=\"\" width=\"300\" height=\"300\" srcset=\"https:\/\/houpier.fr\/wp-content\/uploads\/1981\/01\/couture-300x300.jpg 300w, https:\/\/houpier.fr\/wp-content\/uploads\/1981\/01\/couture-150x150.jpg 150w, https:\/\/houpier.fr\/wp-content\/uploads\/1981\/01\/couture-100x100.jpg 100w, https:\/\/houpier.fr\/wp-content\/uploads\/1981\/01\/couture.jpg 320w\" sizes=\"auto, (max-width: 300px) 100vw, 300px\" \/><\/div>\n<\/div>\n","protected":false},"excerpt":{"rendered":"<p>Charl\u00e9lie Couture na\u00eet \u00e0 Nancy le\u00a026\u00a0f\u00e9vrier 1956. Son p\u00e8re Jean-Pierre Couture est un professeur des Beaux-arts reconverti en antiquaire et d\u00e9corateur3. Sa m\u00e8re Odette Michel enseigne le fran\u00e7ais aux\u00a0\u00c9tats-Unis, \u00e0\u00a0Jacksonville (Alabama), puis \u00e0\u00a0Kenosha (Wisconsin), avant de rejoindre la boutique d&rsquo;antiquit\u00e9s familiale. Outre son fr\u00e8re\u00a0Tom Novembre\u00a0&#8211; n\u00e9 Jean Thomas Couture &#8211; il a \u00e9galement une s\u0153ur, &hellip; <\/p>\n<p class=\"link-more\"><a href=\"https:\/\/houpier.fr\/?p=414\" class=\"more-link\">Continuer la lecture<span class=\"screen-reader-text\"> de &laquo;&nbsp;Charl\u00e9lie COUTURE&nbsp;&raquo;<\/span><\/a><\/p>\n","protected":false},"author":1,"featured_media":0,"comment_status":"open","ping_status":"open","sticky":false,"template":"","format":"standard","meta":{"footnotes":""},"categories":[15],"tags":[],"class_list":["post-414","post","type-post","status-publish","format-standard","hentry","category-concert-sans-billet"],"_links":{"self":[{"href":"https:\/\/houpier.fr\/index.php?rest_route=\/wp\/v2\/posts\/414","targetHints":{"allow":["GET"]}}],"collection":[{"href":"https:\/\/houpier.fr\/index.php?rest_route=\/wp\/v2\/posts"}],"about":[{"href":"https:\/\/houpier.fr\/index.php?rest_route=\/wp\/v2\/types\/post"}],"author":[{"embeddable":true,"href":"https:\/\/houpier.fr\/index.php?rest_route=\/wp\/v2\/users\/1"}],"replies":[{"embeddable":true,"href":"https:\/\/houpier.fr\/index.php?rest_route=%2Fwp%2Fv2%2Fcomments&post=414"}],"version-history":[{"count":2,"href":"https:\/\/houpier.fr\/index.php?rest_route=\/wp\/v2\/posts\/414\/revisions"}],"predecessor-version":[{"id":3734,"href":"https:\/\/houpier.fr\/index.php?rest_route=\/wp\/v2\/posts\/414\/revisions\/3734"}],"wp:attachment":[{"href":"https:\/\/houpier.fr\/index.php?rest_route=%2Fwp%2Fv2%2Fmedia&parent=414"}],"wp:term":[{"taxonomy":"category","embeddable":true,"href":"https:\/\/houpier.fr\/index.php?rest_route=%2Fwp%2Fv2%2Fcategories&post=414"},{"taxonomy":"post_tag","embeddable":true,"href":"https:\/\/houpier.fr\/index.php?rest_route=%2Fwp%2Fv2%2Ftags&post=414"}],"curies":[{"name":"wp","href":"https:\/\/api.w.org\/{rel}","templated":true}]}}